[{"@context":"https:\/\/schema.org\/","@type":"Article","@id":"https:\/\/www.aanet.cz\/ekonomice-se-nevyhneme\/#Article","mainEntityOfPage":"https:\/\/www.aanet.cz\/ekonomice-se-nevyhneme\/","headline":"Ekonomice se nevyhneme","name":"Ekonomice se nevyhneme","description":"Ekonomika zauj\u00edm\u00e1 v na\u0161ich \u017eivotech velice v\u00fdznamn\u00e9 postaven\u00ed. I kdybychom se stokr\u00e1t za\u0159ekli, \u017ee se t\u00e9to budeme vyh\u00fdbat, se\u010d n\u00e1m jenom s\u00edly sta\u010d\u00ed, stejn\u011b se j\u00ed nevyhneme, stejn\u011b p\u0159ed n\u00ed neute\u010deme. Proto\u017ee v\u0161echno, co se kolem n\u00e1s odehr\u00e1v\u00e1, s touto n\u011bjako souvis\u00ed. Vezm\u011bme si t\u0159eba jenom docela ban\u00e1ln\u00ed n\u00e1kupy. Jak bychom se bez t\u011bchto obe\u0161li, &hellip; ","datePublished":"2020-10-12","dateModified":"2023-06-08","author":{"@type":"Person","@id":"https:\/\/www.aanet.cz\/author\/#Person","name":"","url":"https:\/\/www.aanet.cz\/author\/","identifier":1,"image":{"@type":"ImageObject","@id":"https:\/\/secure.gravatar.com\/avatar\/e4532b7f65738965bbad8697e5bd54c0628af7bffe8d3c856885c44d86978cee?s=96&d=mm&r=g","url":"https:\/\/secure.gravatar.com\/avatar\/e4532b7f65738965bbad8697e5bd54c0628af7bffe8d3c856885c44d86978cee?s=96&d=mm&r=g","height":96,"width":96}},"publisher":{"@type":"Organization","name":"aanet.cz","logo":{"@type":"ImageObject","@id":"\/logo.png","url":"\/logo.png","width":600,"height":60}},"image":{"@type":"ImageObject","@id":"https:\/\/www.aanet.cz\/wp-content\/uploads\/ekonomick%C3%BD%20graf.jpg","url":"https:\/\/www.aanet.cz\/wp-content\/uploads\/ekonomick%C3%BD%20graf.jpg","height":0,"width":0},"url":"https:\/\/www.aanet.cz\/ekonomice-se-nevyhneme\/","about":["Produkty"],"wordCount":438,"articleBody":"   Ekonomika zauj\u00edm\u00e1 v na\u0161ich \u017eivotech velice v\u00fdznamn\u00e9 postaven\u00ed. I kdybychom se stokr\u00e1t za\u0159ekli, \u017ee se t\u00e9to budeme vyh\u00fdbat, se\u010d n\u00e1m jenom s\u00edly sta\u010d\u00ed, stejn\u011b se j\u00ed nevyhneme, stejn\u011b p\u0159ed n\u00ed neute\u010deme. Proto\u017ee v\u0161echno, co se kolem n\u00e1s odehr\u00e1v\u00e1, s touto n\u011bjako souvis\u00ed.Vezm\u011bme si t\u0159eba jenom docela ban\u00e1ln\u00ed n\u00e1kupy. Jak bychom se bez t\u011bchto obe\u0161li, \u017ee? Neobe\u0161li bychom se. Tu bychom postr\u00e1dali to, tu ono, proto\u017ee si ne v\u0161echno dok\u00e1\u017eeme obstarat sv\u00e9pomoc\u00ed. Naprostou v\u011bt\u0161inu z toho, co pot\u0159ebujeme, bychom nem\u011bli, kdyby nebylo ekonomiky.Nakupovat se pak mus\u00ed za pen\u00edze. A kde by byly pen\u00edze, kdyby nebyla ekonomika? Neexistovaly by. A pokud by si je pak snad n\u011bkdo natisknul nebo namaloval, stejn\u011b by mu neplnily jejich funkci, proto\u017ee bez ekonomiky, se kterou by tyto byly spojov\u00e1ny, by nem\u011bly \u017e\u00e1dnou sm\u011bnnou hodnotu.V obchodech by to tak ne\u017eilo. A tyto by neexistovaly. Proto\u017ee kdo by v nich pracoval, kdyby si t\u00edm nevyd\u011blal a t\u00edm se nemohl n\u00e1sledn\u011b zapojit do ekonomick\u00fdch proces\u016f? A co by se tu vlastn\u011b m\u011blo prod\u00e1vat, kdy\u017e by se v\u00fdroba \u017e\u00e1dn\u00e9ho zbo\u017e\u00ed nevypl\u00e1cela, proto\u017ee by byla sm\u011bna vzhledem k absenci ekonomiky nemo\u017en\u00e1?Kdo by chodil do pr\u00e1ce, kdyby nebyl k tomuto po\u010d\u00edn\u00e1n\u00ed tla\u010den ryze ekonomick\u00fdmi d\u016fvody? Kdo by poskytoval ostatn\u00edm n\u011bjak\u00e9 slu\u017eby? Nikdo.Proto\u017ee to v\u0161e souvis\u00ed s ekonomikou. A to v ide\u00e1ln\u00edm p\u0159\u00edpad\u011b s funguj\u00edc\u00ed ekonomikou. Proto\u017ee si nezast\u00edrejme skute\u010dnost, \u017ee ne v\u017edy a ne v\u0161ude ekonomika funguje. Je cel\u00e1 \u0159ada d\u016fvod\u016f, pro\u010d se t\u00e9to n\u011bkdy ani trochu neda\u0159\u00ed a pro\u010d jde ke dnu. Pochopiteln\u011b i s lidmi, kte\u0159\u00ed jsou s touto neodmysliteln\u011b spojeni.N\u011bkdy se daj\u00ed takov\u00e9 ekonomick\u00e9 probl\u00e9my \u0159e\u0161it, n\u011bkdy ale tak\u00e9 ne. Z\u00e1le\u017e\u00ed na jejich d\u016fvodech a na tom, zda je v\u016fle s t\u00edm n\u011bco d\u011blat. A to je pr\u00e1v\u011b v t\u011bchto dnech docela smutn\u00e9 konstatov\u00e1n\u00ed, \u017ee? \u017de jsme na probl\u00e9my v ekonomice zavin\u011bn\u00e9 koronavirovou pandemi\u00ed kr\u00e1tc\u00ed, a na\u0161i politici v mnoha ohledech snad jako by p\u0159\u00edmo naschv\u00e1l d\u011blali rozhodnut\u00ed, kv\u016fli nim\u017e je je\u0161t\u011b h\u016f\u0159 a h\u016f\u0159.Co\u017e odn\u00e1\u0161\u00ed nejen ekonomika, ale i my, lid\u00e9, kte\u0159\u00ed jsme s n\u00ed neodd\u011bliteln\u011b propojeni.                                                                                                                                                                                                                                                                                                                                                                                          4.3\/5 - (10 votes)        "},{"@context":"https:\/\/schema.org\/","@type":"BreadcrumbList","itemListElement":[{"@type":"ListItem","position":1,"name":"Ekonomice se nevyhneme","item":"https:\/\/www.aanet.cz\/ekonomice-se-nevyhneme\/#breadcrumbitem"}]}]