[{"@context":"https:\/\/schema.org\/","@type":"Article","@id":"https:\/\/www.aanet.cz\/dekorace-nejen-na-zed\/#Article","mainEntityOfPage":"https:\/\/www.aanet.cz\/dekorace-nejen-na-zed\/","headline":"Dekorace nejen na ze\u010f","name":"Dekorace nejen na ze\u010f","description":"Pochmurn\u00e9 obdob\u00ed zimy pomalu kon\u010d\u00ed a v\u0161ichni se t\u011b\u0161\u00edme na tu veselej\u0161\u00ed \u010d\u00e1st, jaro je tu! P\u0159ipravte se na n\u011bj dob\u0159e po v\u0161ech str\u00e1nk\u00e1ch a nic nepodce\u0148te. Oble\u010den\u00ed Sundejte tepl\u00e9 p\u00e9\u0159ov\u00e9 bundy a \u010depice a zam\u011b\u0148te sv\u016fj \u0161atn\u00edk na dlouho o\u010dek\u00e1van\u00fd jarn\u00ed. Ka\u017ed\u00e9mu je jasn\u00e9, \u017ee se jedn\u00e1 o m\u00e9n\u011b tepl\u00e9 oble\u010den\u00ed, nen\u00ed to v\u0161ak &hellip; ","datePublished":"2019-11-09","dateModified":"2023-06-08","author":{"@type":"Person","@id":"https:\/\/www.aanet.cz\/author\/#Person","name":"","url":"https:\/\/www.aanet.cz\/author\/","identifier":1,"image":{"@type":"ImageObject","@id":"https:\/\/secure.gravatar.com\/avatar\/e4532b7f65738965bbad8697e5bd54c0628af7bffe8d3c856885c44d86978cee?s=96&d=mm&r=g","url":"https:\/\/secure.gravatar.com\/avatar\/e4532b7f65738965bbad8697e5bd54c0628af7bffe8d3c856885c44d86978cee?s=96&d=mm&r=g","height":96,"width":96}},"publisher":{"@type":"Organization","name":"aanet.cz","logo":{"@type":"ImageObject","@id":"\/logo.png","url":"\/logo.png","width":600,"height":60}},"image":{"@type":"ImageObject","@id":"https:\/\/www.aanet.cz\/wp-content\/uploads\/img_a376792_w4404_t1588661329.png","url":"https:\/\/www.aanet.cz\/wp-content\/uploads\/img_a376792_w4404_t1588661329.png","height":0,"width":0},"url":"https:\/\/www.aanet.cz\/dekorace-nejen-na-zed\/","about":["Domov"],"wordCount":422,"articleBody":"       Pochmurn\u00e9  obdob\u00ed zimy  pomalu kon\u010d\u00ed a v\u0161ichni se t\u011b\u0161\u00edme na tu veselej\u0161\u00ed \u010d\u00e1st, jaro je tu! P\u0159ipravte se na n\u011bj dob\u0159e po v\u0161ech str\u00e1nk\u00e1ch a nic nepodce\u0148te. Oble\u010den\u00ed Sundejte tepl\u00e9 p\u00e9\u0159ov\u00e9 bundy a \u010depice a zam\u011b\u0148te sv\u016fj \u0161atn\u00edk na dlouho o\u010dek\u00e1van\u00fd jarn\u00ed. Ka\u017ed\u00e9mu je jasn\u00e9, \u017ee se jedn\u00e1 o m\u00e9n\u011b tepl\u00e9 oble\u010den\u00ed, nen\u00ed to v\u0161ak zdaleka v\u0161e. Osv\u011b\u017ete sv\u00e9 oble\u010den\u00ed pastelov\u00fdmi jarn\u00edmi barvami a budete obdivov\u00e1ni okol\u00edm, je jaro to se mus\u00ed oslavit! M\u00edsto \u010dern\u00e9ho kab\u00e1tu zkuste t\u0159eba zelen\u00fd bal\u00f3\u0148\u00e1k, ve kter\u00e9m budete prost\u011b z\u00e1\u0159it, vhodn\u011b dopl\u0148te sv\u016fj outfit barevnou kabelkou a skv\u011ble padnouc\u00edmi baler\u00ednami, kter\u00e9 se daj\u00ed sehnat op\u011bt v mnoha barv\u00e1ch a nejen klasick\u00e9 \u010dern\u00e9, b\u00edl\u00e9 nebo hn\u011bd\u00e9. Dekorace Vyzdobte svou zahradu i byt co nejveseleji to jde. N\u011bkdo d\u00e1 p\u0159ednost kupovan\u00fdm dekorac\u00edm, kter\u00e9 se\u017eeneme v ka\u017ed\u00e9m kv\u011btin\u00e1\u0159stv\u00ed, ale i jin\u00fdch obchodech. Existuje tolik origin\u00e1ln\u00edch v\u011bc\u00ed, kter\u00e9 zkr\u00e1\u0161l\u00ed i v\u00e1\u0161 domov. Krom\u011b z\u00e1v\u011bsn\u00fdch dekorac\u00ed, m\u016f\u017eete vyu\u017e\u00edt i ty, kter\u00e9 se polo\u017e\u00ed na st\u016fl nebo jarn\u00ed v\u011bnce na dve\u0159e vyroben\u00e9 prvotn\u011b z p\u0159\u00edrodnin. Inspirac\u00ed v\u00e1m mohou b\u00fdt dekorace na skv\u011bl\u00e9m domov\u011b skvelydomov.cz, kde naleznete spoustu zaj\u00edmav\u00fdch, a hlavn\u011b inspirativn\u00edch \u010dl\u00e1nk\u016f, kter\u00e9 v\u00e1m pomohou se zveleben\u00edm va\u0161eho domu \u010di bytu. Kv\u011btiny Neodmysliteln\u011b k jaru pat\u0159\u00ed kv\u011btiny a to po\u0159\u00e1dn\u011b barevn\u00e9. Od prvn\u00edch b\u00edl\u00fdch sn\u011b\u017eenek se p\u0159esuneme k velmi obl\u00edben\u00fdm tulip\u00e1n\u016fm, kter\u00e9 hraj\u00ed v\u0161emi barvami. M\u016f\u017eou n\u00e1m kv\u00e9st na zahrad\u011b nebo ozdob\u00ed n\u00e1\u0161 j\u00eddeln\u00ed st\u016fl v kr\u00e1sn\u00e9 v\u00e1zi\u010dce. Dal\u0161\u00edmi velmi obl\u00edben\u00fdmi prvn\u00edmi kv\u011btinami jsou narcisy a prvosenky. Pestrobarevnost hraje zde z\u00e1sadn\u00ed roli, nebojte se j\u00ed! Velikonoce K jaru neodmysliteln\u011b pat\u0159\u00ed nejv\u011bt\u0161\u00ed k\u0159es\u0165ansk\u00fd sv\u00e1tek a t\u00edm jsou Velikonoce. K nim vzniklo spoustu tradic, kter\u00e9 nemaj\u00ed tolik s k\u0159es\u0165anstv\u00edm spole\u010dn\u00e9ho, sp\u00ed\u0161e se jedn\u00e1 opravdu o oslavy jara. Malovan\u00e9 kraslice a roztomil\u00e1 ku\u0159\u00e1tka nemohou chyb\u011bt. Jako dekorace poslou\u017e\u00ed i von\u00edc\u00ed mazanec na va\u0161em stole nebo t\u0159eba ber\u00e1nek s \u010dokol\u00e1dovou polevou.                                                                                                                                                                                                                                                                                                                                                                                          4.9\/5 - (10 votes)        "},{"@context":"https:\/\/schema.org\/","@type":"BreadcrumbList","itemListElement":[{"@type":"ListItem","position":1,"name":"Dekorace nejen na ze\u010f","item":"https:\/\/www.aanet.cz\/dekorace-nejen-na-zed\/#breadcrumbitem"}]}]